{"id":3457,"date":"2022-10-02T09:00:37","date_gmt":"2022-10-02T09:00:37","guid":{"rendered":"https:\/\/unatumbaparaelojo.com\/?p=3457"},"modified":"2023-12-09T03:24:29","modified_gmt":"2023-12-09T03:24:29","slug":"31-12-2030-quimeras","status":"publish","type":"post","link":"https:\/\/unatumbaparaelojo.com\/?p=3457","title":{"rendered":"02\/10\/2022 \u2013 QUIMERAS"},"content":{"rendered":"<p><strong><em>The Man Who Had His Hair Cut Short<\/em> [<em>De man die zijn haar kort liet knippen<\/em>] (Andr\u00e9 Delvaux, 1965)<\/strong><\/p>\n<p><img loading=\"lazy\" decoding=\"async\" src=\"https:\/\/unatumbaparaelojo.com\/wp-content\/uploads\/2030\/12\/De-man-die-zijn-haar-kort-liet-knippen-Andre-Delvaux-1.png\" alt=\"De man die zijn haar kort liet knippen Andr\u00e9 Delvaux 1\" width=\"656\" height=\"400\" class=\"aligncenter size-full wp-image-3465\" srcset=\"https:\/\/unatumbaparaelojo.com\/wp-content\/uploads\/2030\/12\/De-man-die-zijn-haar-kort-liet-knippen-Andre-Delvaux-1.png 656w, https:\/\/unatumbaparaelojo.com\/wp-content\/uploads\/2030\/12\/De-man-die-zijn-haar-kort-liet-knippen-Andre-Delvaux-1-300x183.png 300w\" sizes=\"(max-width: 656px) 100vw, 656px\" \/><\/p>\n<p align=\"justify\">Govert Miereveld, desde su vigilia caprichosa y entumecida por una abreviaci\u00f3n tiralevitas de un nombre demasiado severo, vive el transcurso de los a\u00f1os con la cabeza permanentemente en la luna, despisando lugares mientras los transita, mirando de reojo aquello que deber\u00eda concernirle \u2500festividades triviales de centros educativos, autopsias <em>in situ<\/em> enojantes para el mirante tranquilo, reuniones s\u00fabitas en un hotel, la rutina diaria de manicomios\u2500, y nosotros, visionadores de los ojos, brazos y patas de Godfried, a fuerza del polo magn\u00e9tico que dirige su mirada, somos transportados hacia la periferia de una m\u00e9dula difusa. Tendente al esquivo es la pr\u00e1ctica de la obcecaci\u00f3n y, por descontado, aquel abatido al fin en la mara\u00f1a de coqueteos imaginarios (un m\u00ednimo forcejeo es ya el segundo acto sobre el que cavilar seis meses) se encuentra, sin remedio alguno, forzado a caer de lado en lugares donde los dem\u00e1s miran de frente. Tormento del personaje, goce del cin\u00e9filo.<\/p>\n<p><img loading=\"lazy\" decoding=\"async\" src=\"https:\/\/unatumbaparaelojo.com\/wp-content\/uploads\/2022\/05\/De-man-die-zijn-haar-kort-liet-knippen-Andre-Delvaux-2.png\" alt=\"De man die zijn haar kort liet knippen Andr\u00e9 Delvaux 2\" width=\"656\" height=\"400\" class=\"aligncenter size-full wp-image-3460\" srcset=\"https:\/\/unatumbaparaelojo.com\/wp-content\/uploads\/2022\/05\/De-man-die-zijn-haar-kort-liet-knippen-Andre-Delvaux-2.png 656w, https:\/\/unatumbaparaelojo.com\/wp-content\/uploads\/2022\/05\/De-man-die-zijn-haar-kort-liet-knippen-Andre-Delvaux-2-300x183.png 300w\" sizes=\"(max-width: 656px) 100vw, 656px\" \/><\/p>\n<p align=\"justify\">La derivaci\u00f3n final es de una ferocidad tal que cuesta encontrar moralismo en los pensamientos terminales del personaje. Los que alguna vez hayamos ca\u00eddo botines de un cuerpo sabemos de sobra lo mucho que impregna nuestro sistema nervioso la mera evocaci\u00f3n de un dedo pulgar y otro medio chasqueando, un fragmento de espalda es capaz de turbar la mente\u2026 Tan f\u00e1cil resulta embobarse con la inexistencia de una sustancia hurtada para el cerebro que igual se desploma uno ante la m\u00e1s m\u00ednima invasi\u00f3n de los circuitos nerviosos; narrativa bordada o realidad incuestionable, lo mismo da el modo de venirse abajo. Luego, la mayor\u00eda de las veces nos aferraremos a la sacrosanta materialidad de la vegetaci\u00f3n, abandonada en pos de quimeras. Reconoceremos nuestros fracasos como ilusos so\u00f1adores y enviaremos cartas alucinadas a una familia que ya no est\u00e1 ah\u00ed, porque cuando hemos asesinado la ilusi\u00f3n, y cada desv\u00edo nos conduce al mismo punto de partida, somos enfrentados con lo m\u00ednimo, la unidad b\u00e1sica, en esencia un trozo de madera, la parte por el todo, una silla que quiz\u00e1 no necesite ser tallada, tan solo es nuestro cerebro, creador de fantasmas las horas previas, est\u00e9ril resignado y rapado en la nueva alborada, con la imagen <em>pura<\/em> aplastada, el que murmura suave pero sin clemencia a unos o\u00eddos apesadumbrados: \u201cHas fracasado, \u00bfy ahora qu\u00e9?\u201d.<\/p>\n<p><img loading=\"lazy\" decoding=\"async\" src=\"https:\/\/unatumbaparaelojo.com\/wp-content\/uploads\/2022\/05\/De-man-die-zijn-haar-kort-liet-knippen-Andre-Delvaux-3.png\" alt=\"De man die zijn haar kort liet knippen Andr\u00e9 Delvaux 3\" width=\"656\" height=\"400\" class=\"aligncenter size-full wp-image-3461\" srcset=\"https:\/\/unatumbaparaelojo.com\/wp-content\/uploads\/2022\/05\/De-man-die-zijn-haar-kort-liet-knippen-Andre-Delvaux-3.png 656w, https:\/\/unatumbaparaelojo.com\/wp-content\/uploads\/2022\/05\/De-man-die-zijn-haar-kort-liet-knippen-Andre-Delvaux-3-300x183.png 300w\" sizes=\"(max-width: 656px) 100vw, 656px\" \/><\/p>\n","protected":false},"excerpt":{"rendered":"<p>The Man Who Had His Hair Cut Short [De man die zijn haar kort liet knippen] (Andr\u00e9 Delvaux, 1965) Govert Miereveld, desde su vigilia caprichosa y entumecida por una abreviaci\u00f3n tiralevitas de un nombre demasiado<\/p>\n","protected":false},"author":1,"featured_media":0,"comment_status":"closed","ping_status":"closed","sticky":false,"template":"","format":"standard","meta":{"footnotes":""},"categories":[419],"tags":[560,562,645,966],"class_list":["post-3457","post","type-post","status-publish","format-standard","hentry","category-registro-de-bitacora","tag-560","tag-andre-delvaux","tag-belgica","tag-the-man-who-had-his-hair-cut-short-de-man-die-zijn-haar-kort-liet-knippen"],"post_mailing_queue_ids":[],"_links":{"self":[{"href":"https:\/\/unatumbaparaelojo.com\/index.php?rest_route=\/wp\/v2\/posts\/3457"}],"collection":[{"href":"https:\/\/unatumbaparaelojo.com\/index.php?rest_route=\/wp\/v2\/posts"}],"about":[{"href":"https:\/\/unatumbaparaelojo.com\/index.php?rest_route=\/wp\/v2\/types\/post"}],"author":[{"embeddable":true,"href":"https:\/\/unatumbaparaelojo.com\/index.php?rest_route=\/wp\/v2\/users\/1"}],"replies":[{"embeddable":true,"href":"https:\/\/unatumbaparaelojo.com\/index.php?rest_route=%2Fwp%2Fv2%2Fcomments&post=3457"}],"version-history":[{"count":23,"href":"https:\/\/unatumbaparaelojo.com\/index.php?rest_route=\/wp\/v2\/posts\/3457\/revisions"}],"predecessor-version":[{"id":6101,"href":"https:\/\/unatumbaparaelojo.com\/index.php?rest_route=\/wp\/v2\/posts\/3457\/revisions\/6101"}],"wp:attachment":[{"href":"https:\/\/unatumbaparaelojo.com\/index.php?rest_route=%2Fwp%2Fv2%2Fmedia&parent=3457"}],"wp:term":[{"taxonomy":"category","embeddable":true,"href":"https:\/\/unatumbaparaelojo.com\/index.php?rest_route=%2Fwp%2Fv2%2Fcategories&post=3457"},{"taxonomy":"post_tag","embeddable":true,"href":"https:\/\/unatumbaparaelojo.com\/index.php?rest_route=%2Fwp%2Fv2%2Ftags&post=3457"}],"curies":[{"name":"wp","href":"https:\/\/api.w.org\/{rel}","templated":true}]}}